{"id":11099,"date":"2021-09-29T10:05:54","date_gmt":"2021-09-29T08:05:54","guid":{"rendered":"https:\/\/tarczynskiarenawroclaw.pl\/?p=11099"},"modified":"2022-02-23T14:43:55","modified_gmt":"2022-02-23T13:43:55","slug":"festiwal-swiatla-na-stadionie-wroclaw","status":"publish","type":"post","link":"https:\/\/tarczynskiarenawroclaw.pl\/en\/festiwal-swiatla-na-stadionie-wroclaw\/","title":{"rendered":"Festiwal \u015awiat\u0142a na Stadionie Wroc\u0142aw"},"content":{"rendered":"<p>Jak zapewniaj\u0105 organizatorzy, wykorzystane zostan\u0105 lasery w liczbie i mocy, kt\u00f3rej nie by\u0142o dot\u0105d na \u017cadnym festiwalu tego typu w naszym kraju. Podobnie jest ze skal\u0105 zastosowanego video mappingu 3D i zsynchronizowanego z nim linearnego mappingu laserowego na murawie stadionu.<\/p>\n<p>Zaplanowano tak\u017ce wykorzystanie jedynych w Polsce fontann wodnych, kt\u00f3re pal\u0105 si\u0119 \u017cywym ogniem oraz mn\u00f3stwo efekt\u00f3w specjalnych, takich jak&nbsp;ta\u0144cz\u0105ce ognie, strzelaj\u0105ce iskry, cicha pirotechnika sceniczna&nbsp; oraz efekty dymnego CO2, kt\u00f3re pojawi\u0105 si\u0119 w kulminacyjnych momentach 30 minutowego widowiska.<\/p>\n<p>Stadion Wroc\u0142aw jest doskona\u0142ym miejscem na tego typu przedsi\u0119wzi\u0119cia, ze wzgl\u0119du na swoje walory architektoniczne. Jednocze\u015bnie obiekt daje gwarancj\u0119 zachowania wszystkich obowi\u0105zuj\u0105cych obostrze\u0144 sanitarnych. Bilety do nabycia wy\u0142\u0105cznie na <a href=\"http:\/\/lightonfestival.abilet.pl\">lightonfestival.abilet.pl<\/a> lub przed samym przedstawieniem, gdzie mo\u017cliwa b\u0119dzie jedynie p\u0142atno\u015b\u0107 got\u00f3wk\u0105.<\/p>\n<p>Otwarcie bram dla uczestnik\u00f3w zaplanowano na &nbsp;p\u00f3\u0142 godziny przed ka\u017cdym seansem , czyli o 20:00. Wej\u015bcie na wydarzenie odbywa si\u0119 z poziomu esplanady Stadionu, na trybun\u0119 C. Akceptowany jest bilet wst\u0119pu zar\u00f3wno w wersji elektronicznej, jak i w formie drukowanej.<\/p>\n<p>Parkingi na terenie stadionu s\u0105 p\u0142atne \u2013 nale\u017cno\u015b\u0107 trzeba ui\u015bci\u0107 w jednym z parkomat\u00f3w.<\/p>\n<p>Stadion Wroc\u0142aw \u2013 Trybuna C<\/p>\n<p><strong>3 wrze\u015bnia (pi\u0105tek)<\/strong> &nbsp;seans o 20:30<br \/>\n<strong>4 wrze\u015bnia (sobota)<\/strong> seans o 20:30<\/p>\n<p>&nbsp;<\/p>\n<p>Cena biletu do ko\u0144ca lipca:<\/p>\n<p>Normalny 35,00 z\u0142,<\/p>\n<p>Ulgowy 15,00 z\u0142 (od 4 do 18 lat),<\/p>\n<p>Rodzina (2+3) 70 z\u0142<\/p>\n<p>&nbsp;<\/p>\n<p>Cena biletu od sierpnia:<\/p>\n<p>Normalny 45,00 z\u0142,<\/p>\n<p>Ulgowy 20,00 z\u0142 (od 4 do 18 lat),<\/p>\n<p>Rodzina 2+3 \u2013 100,00 z\u0142<\/p>\n<p>&nbsp;<\/p>\n<p>Dzieci do lat 4 \u2013 wst\u0119p wolny (dziecko siedzi na kolanach opiekuna, nie ma przypisanego miejsca)<\/p>\n<p>Osoba z niepe\u0142nosprawno\u015bci\u0105 + opiekun \u2013 wst\u0119p wolny (liczba miejsc dla w\u00f3zk\u00f3w inwalidzkich jest ograniczona)<\/p>\n<p>&nbsp;<\/p>\n<p><strong>Otwarcie bram dla uczestnik\u00f3w \u2013 p\u00f3\u0142 godziny przed ka\u017cdym seansem tj. 20:00<\/strong><\/p>\n<p>Wej\u015bcie na wydarzenie z poziomu esplanady Stadionu Wroc\u0142aw.<\/p>\n<p>Akceptowany bilet wst\u0119pu w wersji elektronicznej lub w formie drukowanej.<br \/>\nParkingi na terenie stadionu p\u0142atne w parkomatach.<\/p>\n<p>&nbsp;<\/p>\n<p>Wi\u0119cej informacji o evencie&nbsp;na stronie&nbsp;<a href=\"http:\/\/www.lightonfestival.pl\">www.lightonfestival.pl<\/a>&nbsp;i fanpage na Facebooku: <a href=\"https:\/\/www.facebook.com\/LightOnFestivalPoland\">https:\/\/www.facebook.com\/LightOnFestivalPoland<\/a> . Bilety&nbsp;na www.abilet.pl. &#8211; <a href=\"http:\/\/lightonfestival.abilet.pl\">lightonfestival.abilet.pl<\/a><\/p>\n","protected":false},"excerpt":{"rendered":"<p>Jak zapewniaj\u0105 organizatorzy, wykorzystane zostan\u0105 lasery w liczbie i mocy, kt\u00f3rej nie by\u0142o&#8230;<\/p>\n","protected":false},"author":1,"featured_media":7847,"comment_status":"closed","ping_status":"closed","sticky":false,"template":"","format":"standard","meta":{"advgb_blocks_editor_width":"","advgb_blocks_columns_visual_guide":"","footnotes":""},"categories":[22],"tags":[],"class_list":["post-11099","post","type-post","status-publish","format-standard","has-post-thumbnail","hentry","category-news"],"yoast_head":"<!-- This site is optimized with the Yoast SEO plugin v27.4 - https:\/\/yoast.com\/product\/yoast-seo-wordpress\/ -->\n<title>Festiwal \u015awiat\u0142a na Stadionie Wroc\u0142aw &#8211; Tarczy\u0144ski Arena Wroc\u0142aw<\/title>\n<meta name=\"description\" content=\"Jak zapewniaj\u0105 organizatorzy, wykorzystane zostan\u0105 lasery w liczbie i mocy, kt\u00f3rej nie by\u0142o dot\u0105d na \u017cadnym festiwalu tego typu w naszym kraju. Podobnie\" \/>\n<meta name=\"robots\" content=\"index, follow, max-snippet:-1, max-image-preview:large, max-video-preview:-1\" \/>\n<link rel=\"canonical\" href=\"https:\/\/tarczynskiarenawroclaw.pl\/en\/festiwal-swiatla-na-stadionie-wroclaw\/\" \/>\n<meta property=\"og:locale\" content=\"en_US\" \/>\n<meta property=\"og:type\" content=\"article\" \/>\n<meta property=\"og:title\" content=\"Festiwal \u015awiat\u0142a na Stadionie Wroc\u0142aw &#8211; Tarczy\u0144ski Arena Wroc\u0142aw\" \/>\n<meta property=\"og:description\" content=\"Jak zapewniaj\u0105 organizatorzy, wykorzystane zostan\u0105 lasery w liczbie i mocy, kt\u00f3rej nie by\u0142o dot\u0105d na \u017cadnym festiwalu tego typu w naszym kraju. Podobnie\" \/>\n<meta property=\"og:url\" content=\"https:\/\/tarczynskiarenawroclaw.pl\/en\/festiwal-swiatla-na-stadionie-wroclaw\/\" \/>\n<meta property=\"og:site_name\" content=\"Tarczy\u0144ski Arena Wroc\u0142aw\" \/>\n<meta property=\"article:published_time\" content=\"2021-09-29T08:05:54+00:00\" \/>\n<meta property=\"article:modified_time\" content=\"2022-02-23T13:43:55+00:00\" \/>\n<meta property=\"og:image\" content=\"https:\/\/tarczynskiarenawroclaw.pl\/wp-content\/uploads\/2021\/08\/Grafika-wydarzenia-strona-AbiletPL-1200x628px.jpg\" \/>\n\t<meta property=\"og:image:width\" content=\"1200\" \/>\n\t<meta property=\"og:image:height\" content=\"628\" \/>\n\t<meta property=\"og:image:type\" content=\"image\/jpeg\" \/>\n<meta name=\"author\" content=\"WLM\" \/>\n<meta name=\"twitter:card\" content=\"summary_large_image\" \/>\n<meta name=\"twitter:label1\" content=\"Written by\" \/>\n\t<meta name=\"twitter:data1\" content=\"WLM\" \/>\n\t<meta name=\"twitter:label2\" content=\"Est. reading time\" \/>\n\t<meta name=\"twitter:data2\" content=\"2 minutes\" \/>\n<script type=\"application\/ld+json\" class=\"yoast-schema-graph\">{\"@context\":\"https:\\\/\\\/schema.org\",\"@graph\":[{\"@type\":\"Article\",\"@id\":\"https:\\\/\\\/tarczynskiarenawroclaw.pl\\\/en\\\/festiwal-swiatla-na-stadionie-wroclaw\\\/#article\",\"isPartOf\":{\"@id\":\"https:\\\/\\\/tarczynskiarenawroclaw.pl\\\/en\\\/festiwal-swiatla-na-stadionie-wroclaw\\\/\"},\"author\":{\"name\":\"WLM\",\"@id\":\"https:\\\/\\\/tarczynskiarenawroclaw.pl\\\/#\\\/schema\\\/person\\\/409498363b1553023b585711a0afe7b1\"},\"headline\":\"Festiwal \u015awiat\u0142a na Stadionie Wroc\u0142aw\",\"datePublished\":\"2021-09-29T08:05:54+00:00\",\"dateModified\":\"2022-02-23T13:43:55+00:00\",\"mainEntityOfPage\":{\"@id\":\"https:\\\/\\\/tarczynskiarenawroclaw.pl\\\/en\\\/festiwal-swiatla-na-stadionie-wroclaw\\\/\"},\"wordCount\":370,\"publisher\":{\"@id\":\"https:\\\/\\\/tarczynskiarenawroclaw.pl\\\/#organization\"},\"image\":{\"@id\":\"https:\\\/\\\/tarczynskiarenawroclaw.pl\\\/en\\\/festiwal-swiatla-na-stadionie-wroclaw\\\/#primaryimage\"},\"thumbnailUrl\":\"https:\\\/\\\/tarczynskiarenawroclaw.pl\\\/wp-content\\\/uploads\\\/2021\\\/08\\\/Grafika-wydarzenia-strona-AbiletPL-1200x628px.jpg\",\"articleSection\":[\"News\"],\"inLanguage\":\"en-US\"},{\"@type\":\"WebPage\",\"@id\":\"https:\\\/\\\/tarczynskiarenawroclaw.pl\\\/en\\\/festiwal-swiatla-na-stadionie-wroclaw\\\/\",\"url\":\"https:\\\/\\\/tarczynskiarenawroclaw.pl\\\/en\\\/festiwal-swiatla-na-stadionie-wroclaw\\\/\",\"name\":\"Festiwal \u015awiat\u0142a na Stadionie Wroc\u0142aw &#8211; Tarczy\u0144ski Arena Wroc\u0142aw\",\"isPartOf\":{\"@id\":\"https:\\\/\\\/tarczynskiarenawroclaw.pl\\\/#website\"},\"primaryImageOfPage\":{\"@id\":\"https:\\\/\\\/tarczynskiarenawroclaw.pl\\\/en\\\/festiwal-swiatla-na-stadionie-wroclaw\\\/#primaryimage\"},\"image\":{\"@id\":\"https:\\\/\\\/tarczynskiarenawroclaw.pl\\\/en\\\/festiwal-swiatla-na-stadionie-wroclaw\\\/#primaryimage\"},\"thumbnailUrl\":\"https:\\\/\\\/tarczynskiarenawroclaw.pl\\\/wp-content\\\/uploads\\\/2021\\\/08\\\/Grafika-wydarzenia-strona-AbiletPL-1200x628px.jpg\",\"datePublished\":\"2021-09-29T08:05:54+00:00\",\"dateModified\":\"2022-02-23T13:43:55+00:00\",\"description\":\"Jak zapewniaj\u0105 organizatorzy, wykorzystane zostan\u0105 lasery w liczbie i mocy, kt\u00f3rej nie by\u0142o dot\u0105d na \u017cadnym festiwalu tego typu w naszym kraju. Podobnie\",\"breadcrumb\":{\"@id\":\"https:\\\/\\\/tarczynskiarenawroclaw.pl\\\/en\\\/festiwal-swiatla-na-stadionie-wroclaw\\\/#breadcrumb\"},\"inLanguage\":\"en-US\",\"potentialAction\":[{\"@type\":\"ReadAction\",\"target\":[\"https:\\\/\\\/tarczynskiarenawroclaw.pl\\\/en\\\/festiwal-swiatla-na-stadionie-wroclaw\\\/\"]}]},{\"@type\":\"ImageObject\",\"inLanguage\":\"en-US\",\"@id\":\"https:\\\/\\\/tarczynskiarenawroclaw.pl\\\/en\\\/festiwal-swiatla-na-stadionie-wroclaw\\\/#primaryimage\",\"url\":\"https:\\\/\\\/tarczynskiarenawroclaw.pl\\\/wp-content\\\/uploads\\\/2021\\\/08\\\/Grafika-wydarzenia-strona-AbiletPL-1200x628px.jpg\",\"contentUrl\":\"https:\\\/\\\/tarczynskiarenawroclaw.pl\\\/wp-content\\\/uploads\\\/2021\\\/08\\\/Grafika-wydarzenia-strona-AbiletPL-1200x628px.jpg\",\"width\":1200,\"height\":628,\"caption\":\"Festiwal \u015awiat\u0142a - Wroc\u0142aw\"},{\"@type\":\"BreadcrumbList\",\"@id\":\"https:\\\/\\\/tarczynskiarenawroclaw.pl\\\/en\\\/festiwal-swiatla-na-stadionie-wroclaw\\\/#breadcrumb\",\"itemListElement\":[{\"@type\":\"ListItem\",\"position\":1,\"name\":\"Strona g\u0142\u00f3wna\",\"item\":\"https:\\\/\\\/tarczynskiarenawroclaw.pl\\\/en\\\/\"},{\"@type\":\"ListItem\",\"position\":2,\"name\":\"News\",\"item\":\"https:\\\/\\\/tarczynskiarenawroclaw.pl\\\/en\\\/category\\\/news\\\/\"},{\"@type\":\"ListItem\",\"position\":3,\"name\":\"Festiwal \u015awiat\u0142a na Stadionie Wroc\u0142aw\"}]},{\"@type\":\"WebSite\",\"@id\":\"https:\\\/\\\/tarczynskiarenawroclaw.pl\\\/#website\",\"url\":\"https:\\\/\\\/tarczynskiarenawroclaw.pl\\\/\",\"name\":\"Tarczy\u0144ski Arena Wroc\u0142aw\",\"description\":\"Stadion Miejski we Wroc\u0142awiu\",\"publisher\":{\"@id\":\"https:\\\/\\\/tarczynskiarenawroclaw.pl\\\/#organization\"},\"potentialAction\":[{\"@type\":\"SearchAction\",\"target\":{\"@type\":\"EntryPoint\",\"urlTemplate\":\"https:\\\/\\\/tarczynskiarenawroclaw.pl\\\/?s={search_term_string}\"},\"query-input\":{\"@type\":\"PropertyValueSpecification\",\"valueRequired\":true,\"valueName\":\"search_term_string\"}}],\"inLanguage\":\"en-US\"},{\"@type\":\"Organization\",\"@id\":\"https:\\\/\\\/tarczynskiarenawroclaw.pl\\\/#organization\",\"name\":\"Stadion Wroc\u0142aw\",\"url\":\"https:\\\/\\\/tarczynskiarenawroclaw.pl\\\/\",\"logo\":{\"@type\":\"ImageObject\",\"inLanguage\":\"en-US\",\"@id\":\"https:\\\/\\\/tarczynskiarenawroclaw.pl\\\/#\\\/schema\\\/logo\\\/image\\\/\",\"url\":\"https:\\\/\\\/stadionwroclaw.pl\\\/wp-content\\\/uploads\\\/2021\\\/08\\\/favicon-stadion-wroclaw.png\",\"contentUrl\":\"https:\\\/\\\/stadionwroclaw.pl\\\/wp-content\\\/uploads\\\/2021\\\/08\\\/favicon-stadion-wroclaw.png\",\"width\":512,\"height\":512,\"caption\":\"Stadion Wroc\u0142aw\"},\"image\":{\"@id\":\"https:\\\/\\\/tarczynskiarenawroclaw.pl\\\/#\\\/schema\\\/logo\\\/image\\\/\"}},{\"@type\":\"Person\",\"@id\":\"https:\\\/\\\/tarczynskiarenawroclaw.pl\\\/#\\\/schema\\\/person\\\/409498363b1553023b585711a0afe7b1\",\"name\":\"WLM\",\"image\":{\"@type\":\"ImageObject\",\"inLanguage\":\"en-US\",\"@id\":\"https:\\\/\\\/secure.gravatar.com\\\/avatar\\\/51242c9e7cbd8a4a290d3e357f646828e11567e4f3958f79d43b8351b1dda904?s=96&d=mm&r=g\",\"url\":\"https:\\\/\\\/secure.gravatar.com\\\/avatar\\\/51242c9e7cbd8a4a290d3e357f646828e11567e4f3958f79d43b8351b1dda904?s=96&d=mm&r=g\",\"contentUrl\":\"https:\\\/\\\/secure.gravatar.com\\\/avatar\\\/51242c9e7cbd8a4a290d3e357f646828e11567e4f3958f79d43b8351b1dda904?s=96&d=mm&r=g\",\"caption\":\"WLM\"},\"sameAs\":[\"https:\\\/\\\/stadionwroclaw.pl\"],\"url\":\"https:\\\/\\\/tarczynskiarenawroclaw.pl\\\/en\\\/author\\\/sw-admin\\\/\"}]}<\/script>\n<!-- \/ Yoast SEO plugin. -->","yoast_head_json":{"title":"Festiwal \u015awiat\u0142a na Stadionie Wroc\u0142aw &#8211; Tarczy\u0144ski Arena Wroc\u0142aw","description":"Jak zapewniaj\u0105 organizatorzy, wykorzystane zostan\u0105 lasery w liczbie i mocy, kt\u00f3rej nie by\u0142o dot\u0105d na \u017cadnym festiwalu tego typu w naszym kraju. Podobnie","robots":{"index":"index","follow":"follow","max-snippet":"max-snippet:-1","max-image-preview":"max-image-preview:large","max-video-preview":"max-video-preview:-1"},"canonical":"https:\/\/tarczynskiarenawroclaw.pl\/en\/festiwal-swiatla-na-stadionie-wroclaw\/","og_locale":"en_US","og_type":"article","og_title":"Festiwal \u015awiat\u0142a na Stadionie Wroc\u0142aw &#8211; Tarczy\u0144ski Arena Wroc\u0142aw","og_description":"Jak zapewniaj\u0105 organizatorzy, wykorzystane zostan\u0105 lasery w liczbie i mocy, kt\u00f3rej nie by\u0142o dot\u0105d na \u017cadnym festiwalu tego typu w naszym kraju. Podobnie","og_url":"https:\/\/tarczynskiarenawroclaw.pl\/en\/festiwal-swiatla-na-stadionie-wroclaw\/","og_site_name":"Tarczy\u0144ski Arena Wroc\u0142aw","article_published_time":"2021-09-29T08:05:54+00:00","article_modified_time":"2022-02-23T13:43:55+00:00","og_image":[{"width":1200,"height":628,"url":"https:\/\/tarczynskiarenawroclaw.pl\/wp-content\/uploads\/2021\/08\/Grafika-wydarzenia-strona-AbiletPL-1200x628px.jpg","type":"image\/jpeg"}],"author":"WLM","twitter_card":"summary_large_image","twitter_misc":{"Written by":"WLM","Est. reading time":"2 minutes"},"schema":{"@context":"https:\/\/schema.org","@graph":[{"@type":"Article","@id":"https:\/\/tarczynskiarenawroclaw.pl\/en\/festiwal-swiatla-na-stadionie-wroclaw\/#article","isPartOf":{"@id":"https:\/\/tarczynskiarenawroclaw.pl\/en\/festiwal-swiatla-na-stadionie-wroclaw\/"},"author":{"name":"WLM","@id":"https:\/\/tarczynskiarenawroclaw.pl\/#\/schema\/person\/409498363b1553023b585711a0afe7b1"},"headline":"Festiwal \u015awiat\u0142a na Stadionie Wroc\u0142aw","datePublished":"2021-09-29T08:05:54+00:00","dateModified":"2022-02-23T13:43:55+00:00","mainEntityOfPage":{"@id":"https:\/\/tarczynskiarenawroclaw.pl\/en\/festiwal-swiatla-na-stadionie-wroclaw\/"},"wordCount":370,"publisher":{"@id":"https:\/\/tarczynskiarenawroclaw.pl\/#organization"},"image":{"@id":"https:\/\/tarczynskiarenawroclaw.pl\/en\/festiwal-swiatla-na-stadionie-wroclaw\/#primaryimage"},"thumbnailUrl":"https:\/\/tarczynskiarenawroclaw.pl\/wp-content\/uploads\/2021\/08\/Grafika-wydarzenia-strona-AbiletPL-1200x628px.jpg","articleSection":["News"],"inLanguage":"en-US"},{"@type":"WebPage","@id":"https:\/\/tarczynskiarenawroclaw.pl\/en\/festiwal-swiatla-na-stadionie-wroclaw\/","url":"https:\/\/tarczynskiarenawroclaw.pl\/en\/festiwal-swiatla-na-stadionie-wroclaw\/","name":"Festiwal \u015awiat\u0142a na Stadionie Wroc\u0142aw &#8211; Tarczy\u0144ski Arena Wroc\u0142aw","isPartOf":{"@id":"https:\/\/tarczynskiarenawroclaw.pl\/#website"},"primaryImageOfPage":{"@id":"https:\/\/tarczynskiarenawroclaw.pl\/en\/festiwal-swiatla-na-stadionie-wroclaw\/#primaryimage"},"image":{"@id":"https:\/\/tarczynskiarenawroclaw.pl\/en\/festiwal-swiatla-na-stadionie-wroclaw\/#primaryimage"},"thumbnailUrl":"https:\/\/tarczynskiarenawroclaw.pl\/wp-content\/uploads\/2021\/08\/Grafika-wydarzenia-strona-AbiletPL-1200x628px.jpg","datePublished":"2021-09-29T08:05:54+00:00","dateModified":"2022-02-23T13:43:55+00:00","description":"Jak zapewniaj\u0105 organizatorzy, wykorzystane zostan\u0105 lasery w liczbie i mocy, kt\u00f3rej nie by\u0142o dot\u0105d na \u017cadnym festiwalu tego typu w naszym kraju. Podobnie","breadcrumb":{"@id":"https:\/\/tarczynskiarenawroclaw.pl\/en\/festiwal-swiatla-na-stadionie-wroclaw\/#breadcrumb"},"inLanguage":"en-US","potentialAction":[{"@type":"ReadAction","target":["https:\/\/tarczynskiarenawroclaw.pl\/en\/festiwal-swiatla-na-stadionie-wroclaw\/"]}]},{"@type":"ImageObject","inLanguage":"en-US","@id":"https:\/\/tarczynskiarenawroclaw.pl\/en\/festiwal-swiatla-na-stadionie-wroclaw\/#primaryimage","url":"https:\/\/tarczynskiarenawroclaw.pl\/wp-content\/uploads\/2021\/08\/Grafika-wydarzenia-strona-AbiletPL-1200x628px.jpg","contentUrl":"https:\/\/tarczynskiarenawroclaw.pl\/wp-content\/uploads\/2021\/08\/Grafika-wydarzenia-strona-AbiletPL-1200x628px.jpg","width":1200,"height":628,"caption":"Festiwal \u015awiat\u0142a - Wroc\u0142aw"},{"@type":"BreadcrumbList","@id":"https:\/\/tarczynskiarenawroclaw.pl\/en\/festiwal-swiatla-na-stadionie-wroclaw\/#breadcrumb","itemListElement":[{"@type":"ListItem","position":1,"name":"Strona g\u0142\u00f3wna","item":"https:\/\/tarczynskiarenawroclaw.pl\/en\/"},{"@type":"ListItem","position":2,"name":"News","item":"https:\/\/tarczynskiarenawroclaw.pl\/en\/category\/news\/"},{"@type":"ListItem","position":3,"name":"Festiwal \u015awiat\u0142a na Stadionie Wroc\u0142aw"}]},{"@type":"WebSite","@id":"https:\/\/tarczynskiarenawroclaw.pl\/#website","url":"https:\/\/tarczynskiarenawroclaw.pl\/","name":"Tarczy\u0144ski Arena Wroc\u0142aw","description":"Stadion Miejski we Wroc\u0142awiu","publisher":{"@id":"https:\/\/tarczynskiarenawroclaw.pl\/#organization"},"potentialAction":[{"@type":"SearchAction","target":{"@type":"EntryPoint","urlTemplate":"https:\/\/tarczynskiarenawroclaw.pl\/?s={search_term_string}"},"query-input":{"@type":"PropertyValueSpecification","valueRequired":true,"valueName":"search_term_string"}}],"inLanguage":"en-US"},{"@type":"Organization","@id":"https:\/\/tarczynskiarenawroclaw.pl\/#organization","name":"Stadion Wroc\u0142aw","url":"https:\/\/tarczynskiarenawroclaw.pl\/","logo":{"@type":"ImageObject","inLanguage":"en-US","@id":"https:\/\/tarczynskiarenawroclaw.pl\/#\/schema\/logo\/image\/","url":"https:\/\/stadionwroclaw.pl\/wp-content\/uploads\/2021\/08\/favicon-stadion-wroclaw.png","contentUrl":"https:\/\/stadionwroclaw.pl\/wp-content\/uploads\/2021\/08\/favicon-stadion-wroclaw.png","width":512,"height":512,"caption":"Stadion Wroc\u0142aw"},"image":{"@id":"https:\/\/tarczynskiarenawroclaw.pl\/#\/schema\/logo\/image\/"}},{"@type":"Person","@id":"https:\/\/tarczynskiarenawroclaw.pl\/#\/schema\/person\/409498363b1553023b585711a0afe7b1","name":"WLM","image":{"@type":"ImageObject","inLanguage":"en-US","@id":"https:\/\/secure.gravatar.com\/avatar\/51242c9e7cbd8a4a290d3e357f646828e11567e4f3958f79d43b8351b1dda904?s=96&d=mm&r=g","url":"https:\/\/secure.gravatar.com\/avatar\/51242c9e7cbd8a4a290d3e357f646828e11567e4f3958f79d43b8351b1dda904?s=96&d=mm&r=g","contentUrl":"https:\/\/secure.gravatar.com\/avatar\/51242c9e7cbd8a4a290d3e357f646828e11567e4f3958f79d43b8351b1dda904?s=96&d=mm&r=g","caption":"WLM"},"sameAs":["https:\/\/stadionwroclaw.pl"],"url":"https:\/\/tarczynskiarenawroclaw.pl\/en\/author\/sw-admin\/"}]}},"author_meta":{"display_name":"WLM","author_link":"https:\/\/tarczynskiarenawroclaw.pl\/en\/author\/sw-admin\/"},"featured_img":"https:\/\/tarczynskiarenawroclaw.pl\/wp-content\/uploads\/2021\/08\/Grafika-wydarzenia-strona-AbiletPL-1200x628px-300x157.jpg","coauthors":[],"tax_additional":{"categories":{"linked":["<a href=\"https:\/\/tarczynskiarenawroclaw.pl\/en\/category\/news\/\" class=\"advgb-post-tax-term\">News<\/a>"],"unlinked":["<span class=\"advgb-post-tax-term\">News<\/span>"]}},"comment_count":"0","relative_dates":{"created":"Posted 5 years ago","modified":"Updated 4 years ago"},"absolute_dates":{"created":"Posted on 29.09.2021","modified":"Updated on 23.02.2022"},"absolute_dates_time":{"created":"Posted on 29.09.2021 10:05","modified":"Updated on 23.02.2022 14:43"},"featured_img_caption":"","series_order":"","_links":{"self":[{"href":"https:\/\/tarczynskiarenawroclaw.pl\/en\/wp-json\/wp\/v2\/posts\/11099","targetHints":{"allow":["GET"]}}],"collection":[{"href":"https:\/\/tarczynskiarenawroclaw.pl\/en\/wp-json\/wp\/v2\/posts"}],"about":[{"href":"https:\/\/tarczynskiarenawroclaw.pl\/en\/wp-json\/wp\/v2\/types\/post"}],"author":[{"embeddable":true,"href":"https:\/\/tarczynskiarenawroclaw.pl\/en\/wp-json\/wp\/v2\/users\/1"}],"replies":[{"embeddable":true,"href":"https:\/\/tarczynskiarenawroclaw.pl\/en\/wp-json\/wp\/v2\/comments?post=11099"}],"version-history":[{"count":0,"href":"https:\/\/tarczynskiarenawroclaw.pl\/en\/wp-json\/wp\/v2\/posts\/11099\/revisions"}],"wp:featuredmedia":[{"embeddable":true,"href":"https:\/\/tarczynskiarenawroclaw.pl\/en\/wp-json\/wp\/v2\/media\/7847"}],"wp:attachment":[{"href":"https:\/\/tarczynskiarenawroclaw.pl\/en\/wp-json\/wp\/v2\/media?parent=11099"}],"wp:term":[{"taxonomy":"category","embeddable":true,"href":"https:\/\/tarczynskiarenawroclaw.pl\/en\/wp-json\/wp\/v2\/categories?post=11099"},{"taxonomy":"post_tag","embeddable":true,"href":"https:\/\/tarczynskiarenawroclaw.pl\/en\/wp-json\/wp\/v2\/tags?post=11099"}],"curies":[{"name":"wp","href":"https:\/\/api.w.org\/{rel}","templated":true}]}}